{"id":1171,"date":"2014-04-09T15:33:23","date_gmt":"2014-04-09T13:33:23","guid":{"rendered":"http:\/\/www.joh-nrw.com\/?p=1171"},"modified":"2017-10-19T15:56:18","modified_gmt":"2017-10-19T13:56:18","slug":"einladung-an-alle-frei-denkenden-und-freiheitsliebenden-menschen-samstag-den-26-04-14-ab-1000-uhr","status":"publish","type":"post","link":"https:\/\/joh-nrw.com\/blog\/einladung-an-alle-frei-denkenden-und-freiheitsliebenden-menschen-samstag-den-26-04-14-ab-1000-uhr","title":{"rendered":"Einladung an alle frei-denkenden und freiheitsliebenden Menschen Samstag den 26.04.14 ab 10:00 Uhr !!"},"content":{"rendered":"<p><strong>!! !! Bitte weiter verteilen !! !!<\/strong><\/p>\n<p>An Widerst\u00e4ndler, Verschw\u00f6rungstheoretiker, Zweifler, Unentschlossene, Misstrauische, Verzweifelte und sich alleingelassen f\u00fchlende Menschen, eben Dich &#8211; ein Justiz Opfer.<\/p>\n<p>Seit April 2012 hat die Botschaft der Germaniten und die WAG Justiz-Opfer-Hilfe Deutschland nun ihren Hauptsitz in L\u00f6hne.<\/p>\n<p>Es gibt somit etwas zu Feiern und viel zu erz\u00e4hlen.<\/p>\n<p>Wir, die Angeh\u00f6rigen der \u201eWAG JOH Deutschland\u201c und der \u201eVG Germaniten\u201c m\u00f6chten dies zum Anlass nehmen, mit Euch Menschen am Samstag den 26.04.14 ab 10:00 Uhr friedlich auf dem Gel\u00e4nde und in den R\u00e4umen der Botschaft zusammen zu kommen, zu einem freundschaftlichen Gedankenaustausch bei Tee, Kaffee ohne Kuchen. Wer einen Fahrer mitbringt, f\u00fcr den gibt es auch ein Bier.<\/p>\n<p>Auf die obligatorische Bratwurst haben wir diesmal verzichtet. F\u00fcr das leibliche Wohl sorgt die auf dem Gel\u00e4nde der Botschaft befindliche Pizzeria.<\/p>\n<p>Vortr\u00e4ge sind von unserer Seite nicht geplant, dass m\u00f6chten wir Euch \u00fcberlassen. Ein Jeder, der zu einem relevanten Thema, sei es zu Politik, Geschichte, Chemtrails, Gesundheit, freie Energie etc. etwas referieren m\u00f6chte, ist uns willkommen.<\/p>\n<p>Wir bitten zwecks zeitlicher Planung und Ver\u00f6ffentlichung vorab um ein kurzes Expose mit Angaben zum Thema, L\u00e4nge des Vortrags. Angedacht (klappt aber nie) ist von uns ca. 15-20 min. Redezeit plus 10 min. Fragestellungen. Dies bitte per Mail bis Karfreitag, den 18.04.14 an ralf-wachsmuth@web.de senden oder anrufen unter der Tel. Nummer<br \/>\n05732-2200. Aus Zeitgr\u00fcnden bitten wir um Verst\u00e4ndnis, dass wir nur max. 10 Anmeldungen ber\u00fccksichtigen.<\/p>\n<p><strong>Ein kurzes Res\u00fcmee<\/strong><\/p>\n<p>unRecht wird nicht zu Recht, nur weil es gewaltsam durchgesetzt wird. Darum war und ist kapitulieren f\u00fcr uns keine Option. Es geht weiter solange unRecht praktiziert und furchtbar viel Leid produziert. Unsere Gemeinschaft w\u00e4chst und damit auch das Verst\u00e4ndnis, warum es uns, die WA JOH\/VG Germaniten neben den anderen Gemeinschaften und Organisationen im noch besetzten Deutschland gibt.<\/p>\n<p>Eine Redewendung besagt: ein Einzelner kann nicht gegen einen Misthaufen anstinken. Eine andere besagt: eine Gemeinschaft erreicht mehr als der Einzelne.<\/p>\n<p>Nun, wir nehmen diese 2 Jahre als Beweis, dass wir letztere Redewendung bisher erfolgreich umgesetzt haben, nachdem zuvor ein jeder von uns einzeln versucht hatte sich gegen den Misthaufen zu behaupten. Wir behaupten nicht, dass diese 2 Jahre in L\u00f6hne einfach waren, sicherlich nicht wie sich ein jeder vorstellen kann, der sich aktiv mit dem bestehenden Recht(s)unsicheren Verwaltungssystem nach Admiral Law auseinander setzt. Wir konnten auch nicht jedem Hilfesuchenden zu seinem Recht verhelfen, haben es aber f\u00fcr viele mehr durchsetzten k\u00f6nnen, die sich fr\u00fch genug an uns gewandt haben.<\/p>\n<p>2 Jahre stehen wir mit unserer Botschaft und dem JOH B\u00fcro in vorderster Front in Mitten der Stadt L\u00f6hne, in unmittelbarer N\u00e4he der Fu\u00dfg\u00e4ngerzone.<\/p>\n<p>Kein verstecken, kein wegducken, keine Hinterhoftreffen sondern ehrlich, aufrichtig und weit sichtbar.<\/p>\n<p>Somit im st\u00e4ndigen Fokus von links orientierten Gruppierungen, Politik- und Polizeigewalt, flei\u00dfig unterst\u00fctzt von Presse bis hin zur unseligen ev. Kirche zu stehen macht aber auch klar, dass es uns als Anlaufstelle f\u00fcr Justiz- und Verwaltungsgesch\u00e4digte geben muss, \u00e4hnlich aber noch notwendiger als eine Verbraucherzentrale.<\/p>\n<p>Im Bewusstsein, wir alle sind lebende und beseelte Menschen mit Natur- und V\u00f6lkerrechten, ist kein Aufwand zu gering f\u00fcr diese Rechte zu stehen und sie einzufordern.<\/p>\n<p>Wenn Ihr dies ebenso seht wie wir, als eine Verpflichtung f\u00fcr uns und f\u00fcr jeden einzelnen Menschen des deutschen Volkes, das sich nicht verstecken muss sondern sich mit friedlichen, legitimen Mitteln wehren, dann macht Euch am 26.04. auf den Weg zu uns nach L\u00f6hne und lernt unsere Gemeinschaft und Unterst\u00fctzung kennen.<\/p>\n<p>Der Druide<\/p>\n<p>Heiler der Gemeinde VG Germaniten<\/p>\n<p>Menschenrechtsorganisation<br \/>\nWAG-JOH \/ VG Germaniten<br \/>\nL\u00fcbbecker Str. 35-39<br \/>\n32584 L\u00f6hne<\/p>\n<div>\n<div data-ft=\"{&quot;tn&quot;:&quot;H&quot;}\">\n<div>\n<div id=\"u_0_1c\" data-ft=\"{&quot;tn&quot;:&quot;H&quot;}\">\n<div>\n<div>\n<p><img src=\"https:\/\/fbexternal-a.akamaihd.net\/safe_image.php?d=AQDt1SU-RRd17i3q&amp;w=470&amp;h=246&amp;url=http%3A%2F%2Fjoh-nrw.com%2Fblog%2Fwp-content%2Fuploads%2F2014%2F01%2FJOH-WAG.jpg&amp;cfs=1&amp;upscale\" alt=\"\" \/>\n<\/div>\n<\/div>\n<div>\n<div>\n<div>\n<p><strong>WAG-JOH NRW \/ DEUTSCHLAND | Menschenrechtsorganisation, WAG-JOH \u2013 DR-Interim-Amt der Justiz (nach deutschem Recht) und der Menschenrechte!<\/strong>\n<\/div>\n<div>\n<div>\n<p>Willkommen lieber JOH-Leserkreis DR-Interim-Amt der Justiz (nach deutschem Recht) und der Menschenrechte!Die Erzwingung des deutschen Rechtstaates ist die B\u00fcrgerpflicht eines jeden deutschen Staatsb\u00fcrger!Eine Weltanschauungsgemeinschaft ist ein Zusammenschlu\u00df von Menschen zum Zwecke der gemeinschaft&#8230;\n<\/p><\/div>\n<div>\n<\/div>\n<\/div>\n<\/div>\n<\/div>\n<\/div>\n<\/div>\n<\/div>\n<\/div>\n<p><strong>P.S. Schaut Euch bitte auch diese neue Seite an.<\/strong><br \/>\n<a href=\"http:\/\/www.heimatundrecht.de\/\" target=\"_blank\"><img loading=\"lazy\" class=\"alignnone size-full wp-image-435\" src=\"https:\/\/joh-nrw.com\/blog\/wp-content\/uploads\/2014\/01\/hpfixseparat_1p_menubutton1.gif\" alt=\"hpfixseparat_1p_menubutton1\" width=\"180\" height=\"50\" \/><\/a><br \/>\nmit leerreichem Video zur missgl\u00fcckten Beitreibung von \u201eGEZ\u201c Geb\u00fchren durch einen Vollzugsvollstrecker aus der Stadt Gardelegen. Die Betreiber dieser Seite weisen darauf hin, dass sie selbst keine Unterst\u00fctzung\/Musterbriefe etc. geben k\u00f6nnen.<\/p>\n<p><strong>In diesen F\u00e4llen wendet Euch an die JOH.<\/strong><br \/>\n<a href=\"http:\/\/www.joh-nrw.com\/joh-kontakt\" target=\"_blank\"><img loading=\"lazy\" class=\"alignnone size-full wp-image-435\" src=\"https:\/\/joh-nrw.com\/blog\/wp-content\/uploads\/2014\/01\/hpfixseparat_1p_menubutton1.gif\" alt=\"hpfixseparat_1p_menubutton1\" width=\"180\" height=\"50\" \/><\/a><\/p>\n<p><strong>Die Ziele der WAG-JOH in 32584 L\u00f6hne!<\/strong><br \/>\n<a href=\"http:\/\/www.joh-nrw.com\/pdf\/JOH-Ziele.pdf\" target=\"_blank\"><img loading=\"lazy\" class=\"alignnone size-full wp-image-435\" src=\"https:\/\/joh-nrw.com\/blog\/wp-content\/uploads\/2014\/01\/hpfixseparat_1p_menubutton1.gif\" alt=\"hpfixseparat_1p_menubutton1\" width=\"180\" height=\"50\" \/><\/a><\/p>\n<p>Die <strong>rechtliche Situation<\/strong> in Deutschland ist durch die Weimarer Verfassung klar definiert und den Art. 136, 137, 138, 139 und 141 zu entnehmen die gem\u00e4\u00df <strong>Art. 140<\/strong> Grundgesetz f\u00fcr die Bundesrepublik <strong>in<\/strong> Deutschland, heute noch gelten.<\/p>\n<p><strong>Die rechtliche Situation der WAG-JOH in 32584 L\u00f6hne!<\/strong><br \/>\n<a href=\"http:\/\/www.joh-nrw.com\/pdf\/JOH-Leserkreis.pdf\" target=\"_blank\"><img loading=\"lazy\" class=\"alignnone size-full wp-image-435\" src=\"https:\/\/joh-nrw.com\/blog\/wp-content\/uploads\/2014\/01\/hpfixseparat_1p_menubutton1.gif\" alt=\"hpfixseparat_1p_menubutton1\" width=\"180\" height=\"50\" \/><\/a><\/p>\n<p><strong>WAG-JOH Pr\u00e4ambel<\/strong><br \/>\nIm Bewusstsein unserer Verantwortung vor Gott und den Menschen und von dem Willen beseelt endlich die ganze Wahrheit zu erfahren, damit wir f\u00fcr das gesamte deutsche Volk einen Friedensvertrag erreichen k\u00f6nnen, haben wir von der Menschenrechtsorganisation, Weltanschauungsgemeinschaft Justiz-Opfer-Hilfe NRW\/Deutschland im Auftrag unserer Vorfahren und unserer Verantwortung gegen\u00fcber unserem Volke und mit der Hilfe unseres christlichen Gottes diese Internetseite f\u00fcr alle Menschen die sich auf der Suche nach der tats\u00e4chlichen Wahrheit befinden, erstellt. Wir hoffen damit der Wahrheit und letztendlich auch dem Frieden in der Welt zu dienen, indem wir die widerspr\u00fcchliche Geschichts-schreibung zum Nachteil des gesamten deutschen Volkes neu zur Diskussion stellen, damit die Menschen zuk\u00fcnftig im Einklang, Frieden und Freiheit leben k\u00f6nnen.<br \/>\nBitte beachten Sie den <strong>Nutzungsvertrag<\/strong> zu unseren Internetseiten!<br \/>\n<a href=\"http:\/\/www.joh-nrw.com\/impressum\" target=\"_blank\"><img loading=\"lazy\" class=\"alignnone size-full wp-image-435\" src=\"https:\/\/joh-nrw.com\/blog\/wp-content\/uploads\/2014\/01\/hpfixseparat_1p_menubutton1.gif\" alt=\"hpfixseparat_1p_menubutton1\" width=\"180\" height=\"50\" \/><\/a><\/p>\n","protected":false},"excerpt":{"rendered":"<p>!! !! Bitte weiter verteilen !! !! An Widerst\u00e4ndler, Verschw\u00f6rungstheoretiker, Zweifler, Unentschlossene, Misstrauische, Verzweifelte und sich alleingelassen f\u00fchlende Menschen, eben Dich &#8211; ein Justiz Opfer. Seit April 2012 hat die Botschaft der Germaniten und die WAG Justiz-Opfer-Hilfe Deutschland nun ihren Hauptsitz in L\u00f6hne. Es gibt somit etwas zu Feiern und viel zu erz\u00e4hlen. Wir, die Angeh\u00f6rigen der \u201eWAG JOH Deutschland\u201c und der \u201eVG Germaniten\u201c m\u00f6chten dies zum Anlass nehmen, mit Euch Menschen am Samstag den 26.04.14 ab 10:00 Uhr friedlich auf dem Gel\u00e4nde und in den R\u00e4umen der Botschaft zusammen zu kommen, zu einem freundschaftlichen Gedankenaustausch bei Tee, Kaffee ohne Kuchen. Wer einen Fahrer mitbringt, f\u00fcr den gibt es auch ein Bier. Auf die obligatorische Bratwurst haben wir diesmal verzichtet. F\u00fcr das leibliche Wohl sorgt die auf dem Gel\u00e4nde der Botschaft befindliche Pizzeria. Vortr\u00e4ge sind von unserer Seite nicht geplant, dass m\u00f6chten wir Euch \u00fcberlassen. Ein Jeder, der zu einem relevanten Thema, sei es zu Politik, Geschichte, Chemtrails, Gesundheit, freie Energie etc. etwas referieren m\u00f6chte, ist uns willkommen. Wir bitten zwecks zeitlicher Planung und Ver\u00f6ffentlichung vorab um ein kurzes Expose mit Angaben zum Thema, L\u00e4nge des Vortrags. Angedacht (klappt aber nie) ist von uns ca. 15-20 min. Redezeit plus 10 [&hellip;]<\/p>\n","protected":false},"author":1,"featured_media":0,"comment_status":"closed","ping_status":"closed","sticky":false,"template":"","format":"standard","meta":{"_links_to":"","_links_to_target":""},"categories":[1],"tags":[],"_links":{"self":[{"href":"https:\/\/joh-nrw.com\/blog\/wp-json\/wp\/v2\/posts\/1171"}],"collection":[{"href":"https:\/\/joh-nrw.com\/blog\/wp-json\/wp\/v2\/posts"}],"about":[{"href":"https:\/\/joh-nrw.com\/blog\/wp-json\/wp\/v2\/types\/post"}],"author":[{"embeddable":true,"href":"https:\/\/joh-nrw.com\/blog\/wp-json\/wp\/v2\/users\/1"}],"replies":[{"embeddable":true,"href":"https:\/\/joh-nrw.com\/blog\/wp-json\/wp\/v2\/comments?post=1171"}],"version-history":[{"count":5,"href":"https:\/\/joh-nrw.com\/blog\/wp-json\/wp\/v2\/posts\/1171\/revisions"}],"predecessor-version":[{"id":2135,"href":"https:\/\/joh-nrw.com\/blog\/wp-json\/wp\/v2\/posts\/1171\/revisions\/2135"}],"wp:attachment":[{"href":"https:\/\/joh-nrw.com\/blog\/wp-json\/wp\/v2\/media?parent=1171"}],"wp:term":[{"taxonomy":"category","embeddable":true,"href":"https:\/\/joh-nrw.com\/blog\/wp-json\/wp\/v2\/categories?post=1171"},{"taxonomy":"post_tag","embeddable":true,"href":"https:\/\/joh-nrw.com\/blog\/wp-json\/wp\/v2\/tags?post=1171"}],"curies":[{"name":"wp","href":"https:\/\/api.w.org\/{rel}","templated":true}]}}