{"id":2323,"date":"2015-08-18T22:03:20","date_gmt":"2015-08-18T20:03:20","guid":{"rendered":"http:\/\/www.joh-nrw.com\/?p=2323"},"modified":"2017-10-19T15:54:18","modified_gmt":"2017-10-19T13:54:18","slug":"auch-polizei-und-zoll-der-brd-wacht-langsam-auf-2","status":"publish","type":"post","link":"https:\/\/joh-nrw.com\/blog\/auch-polizei-und-zoll-der-brd-wacht-langsam-auf-2","title":{"rendered":"Auch Polizei und Zoll der BRD wacht langsam auf !"},"content":{"rendered":"<p>Jo Conrad unterh\u00e4lt sich mit <strong>Marion Regner<\/strong>, ehem. Zollbeamtin und PHK <strong>Harald Schreyer<\/strong> \u00fcber die urspr\u00fcnglichen Aufgaben ihrer Berufsgruppen und die sich rasch ver\u00e4ndernde Realit\u00e4t und <strong>mangelnde Rechtsgrundlagen<\/strong>.<\/p>\n<p><strong>Bewusst TV &#8211; Fragen bei Zoll und Polizei<\/strong><\/p>\n<p><strong>Quelle:<\/strong><br \/>\n<a href=\"https:\/\/www.youtube.com\/watch?v=TfcJ-nWX_Vw\" target=\"_blank\"><img loading=\"lazy\" class=\"alignnone size-full wp-image-435\" src=\"https:\/\/joh-nrw.com\/blog\/wp-content\/uploads\/2014\/01\/hpfixseparat_1p_menubutton1.gif\" alt=\"hpfixseparat_1p_menubutton1\" width=\"180\" height=\"50\" \/><\/a><\/p>\n<p><strong>Polizei Kriminaloberkommissarin Ivette Pfeiffer steigt aus<\/strong><\/p>\n<p><strong>Quelle:<\/strong><br \/>\n<a href=\"https:\/\/www.youtube.com\/results?search_query=Ivette+Pfeifer\" target=\"_blank\"><img loading=\"lazy\" class=\"alignnone size-full wp-image-435\" src=\"https:\/\/joh-nrw.com\/blog\/wp-content\/uploads\/2014\/01\/hpfixseparat_1p_menubutton1.gif\" alt=\"hpfixseparat_1p_menubutton1\" width=\"180\" height=\"50\" \/><\/a><\/p>\n<p><strong>Polizei Hauptkommissar Alfred Hartlaub hinterfragt selbst die BRD GmbH<\/strong><\/p>\n<p><strong>Quelle:<\/strong><br \/>\n<a href=\"https:\/\/www.youtube.com\/results?search_query=Alfred+Hartlaub\" target=\"_blank\"><img loading=\"lazy\" class=\"alignnone size-full wp-image-435\" src=\"https:\/\/joh-nrw.com\/blog\/wp-content\/uploads\/2014\/01\/hpfixseparat_1p_menubutton1.gif\" alt=\"hpfixseparat_1p_menubutton1\" width=\"180\" height=\"50\" \/><\/a><\/p>\n<p><strong>&#8222;Justiz-Sumpf&#8220; versucht kritischen Journalisten aus dem Weg zu r\u00e4umen<\/strong><\/p>\n<p><strong>Quelle:<\/strong><br \/>\n<a href=\"https:\/\/www.youtube.com\/user\/Wecknachricht\" target=\"_blank\"><img loading=\"lazy\" class=\"alignnone size-full wp-image-435\" src=\"https:\/\/joh-nrw.com\/blog\/wp-content\/uploads\/2014\/01\/hpfixseparat_1p_menubutton1.gif\" alt=\"hpfixseparat_1p_menubutton1\" width=\"180\" height=\"50\" \/><\/a><\/p>\n","protected":false},"excerpt":{"rendered":"<p>Jo Conrad unterh\u00e4lt sich mit Marion Regner, ehem. Zollbeamtin und PHK Harald Schreyer \u00fcber die urspr\u00fcnglichen Aufgaben ihrer Berufsgruppen und die sich rasch ver\u00e4ndernde Realit\u00e4t und mangelnde Rechtsgrundlagen. Bewusst TV &#8211; Fragen bei Zoll und Polizei Quelle: Polizei Kriminaloberkommissarin Ivette Pfeiffer steigt aus Quelle: Polizei Hauptkommissar Alfred Hartlaub hinterfragt selbst die BRD GmbH Quelle: &#8222;Justiz-Sumpf&#8220; versucht kritischen Journalisten aus dem Weg zu r\u00e4umen Quelle:<\/p>\n","protected":false},"author":3,"featured_media":0,"comment_status":"closed","ping_status":"closed","sticky":false,"template":"","format":"standard","meta":{"_links_to":"","_links_to_target":""},"categories":[1],"tags":[],"_links":{"self":[{"href":"https:\/\/joh-nrw.com\/blog\/wp-json\/wp\/v2\/posts\/2323"}],"collection":[{"href":"https:\/\/joh-nrw.com\/blog\/wp-json\/wp\/v2\/posts"}],"about":[{"href":"https:\/\/joh-nrw.com\/blog\/wp-json\/wp\/v2\/types\/post"}],"author":[{"embeddable":true,"href":"https:\/\/joh-nrw.com\/blog\/wp-json\/wp\/v2\/users\/3"}],"replies":[{"embeddable":true,"href":"https:\/\/joh-nrw.com\/blog\/wp-json\/wp\/v2\/comments?post=2323"}],"version-history":[{"count":1,"href":"https:\/\/joh-nrw.com\/blog\/wp-json\/wp\/v2\/posts\/2323\/revisions"}],"predecessor-version":[{"id":3786,"href":"https:\/\/joh-nrw.com\/blog\/wp-json\/wp\/v2\/posts\/2323\/revisions\/3786"}],"wp:attachment":[{"href":"https:\/\/joh-nrw.com\/blog\/wp-json\/wp\/v2\/media?parent=2323"}],"wp:term":[{"taxonomy":"category","embeddable":true,"href":"https:\/\/joh-nrw.com\/blog\/wp-json\/wp\/v2\/categories?post=2323"},{"taxonomy":"post_tag","embeddable":true,"href":"https:\/\/joh-nrw.com\/blog\/wp-json\/wp\/v2\/tags?post=2323"}],"curies":[{"name":"wp","href":"https:\/\/api.w.org\/{rel}","templated":true}]}}