{"id":2327,"date":"2015-08-27T00:27:45","date_gmt":"2015-08-26T22:27:45","guid":{"rendered":"http:\/\/www.joh-nrw.com\/?p=2327"},"modified":"2017-10-19T15:54:18","modified_gmt":"2017-10-19T13:54:18","slug":"die-anwendung-von-nazi-gesetzen-ist-seit-dem-20-09-1945-verboten","status":"publish","type":"post","link":"https:\/\/joh-nrw.com\/blog\/die-anwendung-von-nazi-gesetzen-ist-seit-dem-20-09-1945-verboten","title":{"rendered":"Die Anwendung von NAZI-Gesetzen ist seit dem 20.09.1945 verboten."},"content":{"rendered":"<p><strong>1.) Angriffskriege sind verfassungswidrig \u2013 von deutschem Boden darf kein Krieg ausgehen!<\/strong><\/p>\n<p>Wir vom Vorstand der <strong>Menschenrechtsorganisation<\/strong> WAG-Justiz-Opfer-Hilfe NRW\/Deutschland, L\u00fcbbecker Str. 35-39, 32584 L\u00f6hne fordern alle Abgeordneten des Deutschen Bundestages auf, die Nutzung von Milit\u00e4rbasen auf deutschem Territorium und die Einbeziehung des Luftraums \u00fcber Deutschland (Germany) zur Vorbereitung und F\u00fchrung von v\u00f6lkerrechts- und grundgesetzwidrigen Angriffskriegen sofort durch einen Beschluss zu verbieten, wie es <strong>u<\/strong>. <strong>a<\/strong>. der Artikel 26 des Grundgesetzes <strong>f\u00fcr<\/strong> die <strong>BRD<\/strong> im <strong>Staat Deutschland<\/strong> (Germany) zwingend vorschreibt.<\/p>\n<p><strong>2.) Die Anwendung von NAZI-Gesetzen ist seit dem 20.09.1945 verboten.<\/strong><\/p>\n<p>Dar\u00fcber hinaus verweist die <strong>Menschenrechtsorganisation<\/strong> WAG-Justiz-Opfer-Hilfe auf die Offenkundigkeit, dass es sich bei den\u00a0 sog. <strong>Befreiungsgesetzen<\/strong> um die SHAEF Gesetzgebung, die SMAD-Befehle, Proklamationen und Kontrollratsgesetze sowie die in Gesetzesstand erhobenen Entscheidungen der Besatzungsm\u00e4chte handelt. Hingewiesen wird hier insbesondere auf die \u201e<strong>Tillessen<\/strong>\u201c Entscheidung des Tribunal G\u00e9n\u00e9ral de la Zone Francaise d&#8217;Occupation in Rastatt vom <strong>06.01.1947<\/strong>. Auch hiernach ist die <strong>Anwendung<\/strong> <strong>nationalsozialistischen Rechts<\/strong> aus der Zeit von <strong>1933<\/strong> bis <strong>1945<\/strong>, aber auch solcher Gesetze aus der Vorzeit von <strong>1933<\/strong>, verboten, an denen die Nationalsozialisten seit ihrem Einzug in den Reichstag ma\u00dfgeblich mit beteiligt gewesen sind.<\/p>\n<p>Somit ist Offenkundig, dass die <strong>Anwendung nationalsozialistischer Gesetze<\/strong> innerhalb der Bundesrepublik Deutschland entsprechend der Befreiungsgesetze verboten ist (vgl. GG Art. <strong>139<\/strong>\/analog) und die Anwendung solcher <strong>NAZI-Gesetze<\/strong> durch BRD-\u00c4mter \/Beh\u00f6rden\/Dienststellen\/Gerichte\/Verwaltungen den z. B. <strong>Straftatbestand<\/strong> der &#8222;<strong>Verwendung von Kennzeichen verfassungswidriger Organisationen<\/strong>&#8220; (vgl. \u00a7\u00a7 86, 86a StGB\/analog) erf\u00fcllt.<\/p>\n<p>Wir von der <strong>Menschenrechtsorganisation<\/strong> WAG-Justiz-Opfer-Hilfe NRW\/Deutschland L\u00fcbbecker Str. 35-39, 32584 L\u00f6hne werden auch in Zukunft auf die Einhaltung von Gesetz und Recht durch die Angestellten\/Bediensteten\/Personal (vgl. Dienstausweis \/Personalausweis) der BRD-\u00c4mter\/Beh\u00f6rden\/Dienststellen\/Gerichte\/Verwaltungen bestehen.<\/p>\n<p>Bei einem erkennbaren Versto\u00df gegen Gesetz und Recht durch Angestellte\/Bedienstete\/Personal (vgl. Dienstausweis\/Personalausweis) der BRD-\u00c4mter\/Beh\u00f6rden\/Dienststellen\/Gerichte\/Verwaltungen, werden wir von der <strong>Menschenrechtsorganisation<\/strong> WAG-Justiz-Opfer-Hilfe in 32584 L\u00f6hne auch in Zukunft entsprechend der <strong>gesetzlichen Vorschrift<\/strong> (vgl. \u00a7 138 StGB\/analog) <strong>reagieren<\/strong> und z. B. auch <strong>Strafanzeigen<\/strong> und <strong>Dienstaufsichtsbeschwerden<\/strong> gegen die <strong>BRD-Kriminellen<\/strong> stellen.<\/p>\n<p><strong>Aktuelle NAZI-Gesetze die bis heute in der Bundesrepublik Anwendung finden.<\/strong><br \/>\n<a href=\"http:\/\/www.staatenlos.info\/index.php\/rechtsgrundlagen\/aktuelle-nazi-gesetze.html\" target=\"_blank\"><img loading=\"lazy\" class=\"alignnone size-full wp-image-435\" src=\"https:\/\/joh-nrw.com\/blog\/wp-content\/uploads\/2014\/01\/hpfixseparat_1p_menubutton1.gif\" alt=\"hpfixseparat_1p_menubutton1\" width=\"180\" height=\"50\" \/><\/a><br \/>\n<strong>WER SIND DENN HIER NUN DIE KRIMINELLEN \/ NAZIS??? \u00a0 &#8211;\u00a0\u00a0 Geh Denken!!!<br \/>\n<\/strong><\/p>\n<p>L\u00f6hne den <strong>27.08.2015<\/strong>\u00a0\u00a0\u00a0\u00a0\u00a0\u00a0\u00a0\u00a0\u00a0\u00a0\u00a0\u00a0\u00a0\u00a0\u00a0\u00a0\u00a0\u00a0\u00a0\u00a0\u00a0\u00a0\u00a0\u00a0\u00a0\u00a0\u00a0\u00a0\u00a0\u00a0\u00a0\u00a0\u00a0\u00a0\u00a0\u00a0\u00a0\u00a0\u00a0\u00a0\u00a0\u00a0\u00a0\u00a0\u00a0\u00a0\u00a0\u00a0\u00a0\u00a0\u00a0\u00a0\u00a0\u00a0\u00a0\u00a0\u00a0\u00a0\u00a0\u00a0\u00a0\u00a0\u00a0\u00a0\u00a0\u00a0\u00a0\u00a0\u00a0\u00a0\u00a0\u00a0\u00a0\u00a0\u00a0\u00a0\u00a0\u00a0\u00a0\u00a0\u00a0\u00a0 <strong>JOH-Vorstand<\/strong><\/p>\n<p>&nbsp;<\/p>\n<p><strong>3.) An alle B\u00fcrger der Bundesrepublik im Staat Deutschland mit der Staatsangeh\u00f6rigkeit &#8222;Deutsch&#8220; (vgl. Personalausweis).<\/strong><\/p>\n<p><strong>Menschen und Personen \u2013 oder \u2013 Leben im M\u00e4rchen!<\/strong><\/p>\n<p><strong>Quelle:<\/strong><br \/>\n<a href=\"https:\/\/terraherz.wordpress.com\/2015\/08\/02\/menschen-und-personen-oder-leben-im-maerchen\/\" target=\"_blank\"><img loading=\"lazy\" class=\"alignnone size-full wp-image-435\" src=\"https:\/\/joh-nrw.com\/blog\/wp-content\/uploads\/2014\/01\/hpfixseparat_1p_menubutton1.gif\" alt=\"hpfixseparat_1p_menubutton1\" width=\"180\" height=\"50\" \/><\/a><\/p>\n<p><a href=\"https:\/\/www.youtube.com\/watch?v=tVhi2bw-Cag#t=198\" target=\"_blank\"><img loading=\"lazy\" class=\"alignnone size-full wp-image-435\" src=\"https:\/\/joh-nrw.com\/blog\/wp-content\/uploads\/2014\/01\/hpfixseparat_1p_menubutton1.gif\" alt=\"hpfixseparat_1p_menubutton1\" width=\"180\" height=\"50\" \/><\/a><\/p>\n<p><strong>4.) Unfassbare Wahrheiten die jeder wissen sollte!<\/strong><\/p>\n<p><strong>Quelle:<\/strong><br \/>\n<a href=\"http:\/\/www.postswitch.de\/wissenswertes\/unfassbare-wahrheiten-die-jeder-wissen-sollte.htm\" target=\"_blank\"><img loading=\"lazy\" class=\"alignnone size-full wp-image-435\" src=\"https:\/\/joh-nrw.com\/blog\/wp-content\/uploads\/2014\/01\/hpfixseparat_1p_menubutton1.gif\" alt=\"hpfixseparat_1p_menubutton1\" width=\"180\" height=\"50\" \/><\/a><\/p>\n<p><strong>5.) Die Vernichtung Deutschlands !<br \/>\n<\/strong><\/p>\n<p><strong>Quelle:<\/strong><br \/>\n<a href=\"https:\/\/www.youtube.com\/watch?annotation_id=annotation_4280651881&amp;feature=iv&amp;src_vid=0N77iKJgy10&amp;v=7DhwNyTu-OA\" target=\"_blank\"><img loading=\"lazy\" class=\"alignnone size-full wp-image-435\" src=\"https:\/\/joh-nrw.com\/blog\/wp-content\/uploads\/2014\/01\/hpfixseparat_1p_menubutton1.gif\" alt=\"hpfixseparat_1p_menubutton1\" width=\"180\" height=\"50\" \/><\/a><\/p>\n<p><strong>6.) Die Anwendung von NAZI-Gesetzen ist seit dem 20.09.1945 verboten.<\/strong><\/p>\n<p><strong>Quelle:<\/strong><br \/>\n<a href=\"http:\/\/www.joh-nrw.com\/pdf\/BRD-Angriffskriege.pdf\" target=\"_blank\"><img loading=\"lazy\" class=\"alignnone size-full wp-image-435\" src=\"https:\/\/joh-nrw.com\/blog\/wp-content\/uploads\/2014\/01\/hpfixseparat_1p_menubutton1.gif\" alt=\"hpfixseparat_1p_menubutton1\" width=\"180\" height=\"50\" \/><\/a><\/p>\n<p>&nbsp;<\/p>\n<p><strong>\u00a0<\/strong><\/p>\n<p>&nbsp;<\/p>\n","protected":false},"excerpt":{"rendered":"<p>1.) Angriffskriege sind verfassungswidrig \u2013 von deutschem Boden darf kein Krieg ausgehen! Wir vom Vorstand der Menschenrechtsorganisation WAG-Justiz-Opfer-Hilfe NRW\/Deutschland, L\u00fcbbecker Str. 35-39, 32584 L\u00f6hne fordern alle Abgeordneten des Deutschen Bundestages auf, die Nutzung von Milit\u00e4rbasen auf deutschem Territorium und die Einbeziehung des Luftraums \u00fcber Deutschland (Germany) zur Vorbereitung und F\u00fchrung von v\u00f6lkerrechts- und grundgesetzwidrigen Angriffskriegen sofort durch einen Beschluss zu verbieten, wie es u. a. der Artikel 26 des Grundgesetzes f\u00fcr die BRD im Staat Deutschland (Germany) zwingend vorschreibt. 2.) Die Anwendung von NAZI-Gesetzen ist seit dem 20.09.1945 verboten. Dar\u00fcber hinaus verweist die Menschenrechtsorganisation WAG-Justiz-Opfer-Hilfe auf die Offenkundigkeit, dass es sich bei den\u00a0 sog. Befreiungsgesetzen um die SHAEF Gesetzgebung, die SMAD-Befehle, Proklamationen und Kontrollratsgesetze sowie die in Gesetzesstand erhobenen Entscheidungen der Besatzungsm\u00e4chte handelt. Hingewiesen wird hier insbesondere auf die \u201eTillessen\u201c Entscheidung des Tribunal G\u00e9n\u00e9ral de la Zone Francaise d&#8217;Occupation in Rastatt vom 06.01.1947. Auch hiernach ist die Anwendung nationalsozialistischen Rechts aus der Zeit von 1933 bis 1945, aber auch solcher Gesetze aus der Vorzeit von 1933, verboten, an denen die Nationalsozialisten seit ihrem Einzug in den Reichstag ma\u00dfgeblich mit beteiligt gewesen sind. Somit ist Offenkundig, dass die Anwendung nationalsozialistischer Gesetze innerhalb der Bundesrepublik Deutschland entsprechend der Befreiungsgesetze verboten ist (vgl. [&hellip;]<\/p>\n","protected":false},"author":3,"featured_media":0,"comment_status":"closed","ping_status":"closed","sticky":false,"template":"","format":"standard","meta":{"_links_to":"","_links_to_target":""},"categories":[1],"tags":[],"_links":{"self":[{"href":"https:\/\/joh-nrw.com\/blog\/wp-json\/wp\/v2\/posts\/2327"}],"collection":[{"href":"https:\/\/joh-nrw.com\/blog\/wp-json\/wp\/v2\/posts"}],"about":[{"href":"https:\/\/joh-nrw.com\/blog\/wp-json\/wp\/v2\/types\/post"}],"author":[{"embeddable":true,"href":"https:\/\/joh-nrw.com\/blog\/wp-json\/wp\/v2\/users\/3"}],"replies":[{"embeddable":true,"href":"https:\/\/joh-nrw.com\/blog\/wp-json\/wp\/v2\/comments?post=2327"}],"version-history":[{"count":1,"href":"https:\/\/joh-nrw.com\/blog\/wp-json\/wp\/v2\/posts\/2327\/revisions"}],"predecessor-version":[{"id":3785,"href":"https:\/\/joh-nrw.com\/blog\/wp-json\/wp\/v2\/posts\/2327\/revisions\/3785"}],"wp:attachment":[{"href":"https:\/\/joh-nrw.com\/blog\/wp-json\/wp\/v2\/media?parent=2327"}],"wp:term":[{"taxonomy":"category","embeddable":true,"href":"https:\/\/joh-nrw.com\/blog\/wp-json\/wp\/v2\/categories?post=2327"},{"taxonomy":"post_tag","embeddable":true,"href":"https:\/\/joh-nrw.com\/blog\/wp-json\/wp\/v2\/tags?post=2327"}],"curies":[{"name":"wp","href":"https:\/\/api.w.org\/{rel}","templated":true}]}}