{"id":3418,"date":"2016-08-26T19:53:55","date_gmt":"2016-08-26T17:53:55","guid":{"rendered":"http:\/\/www.joh-nrw.com\/?p=3418"},"modified":"2017-10-19T15:53:20","modified_gmt":"2017-10-19T13:53:20","slug":"staat-ur-ueberfallen-adrian-ursache-schwer-verletzt","status":"publish","type":"post","link":"https:\/\/joh-nrw.com\/blog\/staat-ur-ueberfallen-adrian-ursache-schwer-verletzt","title":{"rendered":"Staat Ur \u00fcberfallen &#8211; Adrian Ursache schwer verletzt."},"content":{"rendered":"<p>Adrian Ursache, Gr\u00fcnder der Staates Ur, ist von der Polizei <strong>angeschossen<\/strong> worden. <strong>Unglaublich: 200 Vermummte des SEK<\/strong> versuchten die R\u00e4umung von Adrians Grundst\u00fcck mit <strong>Gewalkt<\/strong> durchzusetzen, dabei wurde der 42 j\u00e4hrigen Adrian angeschossen und wurde schwer verletzt. Es ging um 4.000 EUR Bankrestschulden. Mann muss sich das mal vorstellen 200 Vermummte des SEK r\u00fccken an gegen einen Menschen um eine Zwangsversteigung durch zuf\u00fchren !<\/p>\n<p><strong>Hier Videoberichte einen Tag vor der St\u00fcrmung der 200 Vermummten des SEK!<\/strong><\/p>\n<h1 class=\"watch-title-container\"><span id=\"eow-title\" class=\"watch-title\" dir=\"ltr\" title=\"Staat Ur geplatzte Zwangsvollstreckung 24 08 2016 YouTube\">Zwangsvollstreckung 24 08 2016<\/span> fand nicht statt !<\/h1>\n<p><iframe loading=\"lazy\" src=\"https:\/\/www.youtube.com\/embed\/8FrYSwB3lqs?rel=0&amp;showinfo=0\" width=\"640\" height=\"480\" frameborder=\"0\" allowfullscreen=\"allowfullscreen\"><\/iframe><\/p>\n<h1 class=\"watch-title-container\"><span id=\"eow-title\" class=\"watch-title\" dir=\"ltr\" title=\"Staat Ur geplatzte Zwangsvollstreckung 24 08 2016 YouTube\">Zwangsvollstreckung 24 08 2016<\/span> fand nicht statt !<br \/>\n<em>(Interview mit dem TV Sender MDR)<br \/>\n<\/em><\/h1>\n<p><iframe loading=\"lazy\" src=\"https:\/\/www.youtube.com\/embed\/k0aL3TZ3JSY?rel=0&amp;showinfo=0\" width=\"640\" height=\"480\" frameborder=\"0\" allowfullscreen=\"allowfullscreen\"><\/iframe><\/p>\n<p><strong>Alle Beitr\u00e4ge -Youtubekanal Ich bin<\/strong><br \/>\n<a href=\"https:\/\/www.youtube.com\/channel\/UCCkgxtJNGjYUD9ZKLi_l13w\" target=\"_blank\"><img loading=\"lazy\" class=\"alignnone wp-image-435 size-full\" src=\"https:\/\/joh-nrw.com\/blog\/wp-content\/uploads\/2014\/01\/hpfixseparat_1p_menubutton1.gif\" alt=\"hpfixseparat_1p_menubutton1\" width=\"180\" height=\"50\" \/><\/a><\/p>\n<h1 class=\"watch-title-container\"><span id=\"eow-title\" class=\"watch-title\" dir=\"ltr\" title=\"SEK st\u00fcrmt Staat \u201eUR\u201c \u2013 Ein Menschenleben f\u00fcr 4000 Euro \/\/KS Spezial\">SEK st\u00fcrmt Staat \u201eUR\u201c \u2013 Ein Menschenleben f\u00fcr 4000 Euro \/\/KS Spezial<\/span><\/h1>\n<p>Aus dieser Nummer kommt die NGO-BRD nicht mehr raus\u2026<\/p>\n<p>Sie wird in sich zusammenst\u00fcrzen, die L\u00fcge bricht auseinander.<\/p>\n<p>WER GAB DIE ANWEISUNG ZU DIESEM \u00dcBERZOGENEN 200 MANN EINSATZ? DAS MINISTERIUM SACHSEN H\u00d6CHSTWAHRSCHEINLICH, ES MUSSTE EIN BRUTALES ZEICHEN GESETZT WERDEN\u2026<br \/>\n<iframe loading=\"lazy\" src=\"https:\/\/www.youtube.com\/embed\/VgckroBWHrk?rel=0&amp;showinfo=0\" width=\"640\" height=\"360\" frameborder=\"0\" allowfullscreen=\"allowfullscreen\"><\/iframe><\/p>\n<p>26.08.2016, 00.58 Uhr<\/p>\n<p><a id=\"js_y\" class=\" UFICommentActorName\" href=\"https:\/\/www.facebook.com\/ramona.schmidt.7334?fref=ufi&amp;rc=p\" target=\"_blank\">Ramona Schmidt<\/a> <span class=\"UFICommentBody\">Thomas Friedrich<br \/>\nEben reingekommen. Adrian ist stabil<br \/>\nvor 17 Minuten<\/span><\/p>\n<p>26.08.2016, 00.36 Uhr<\/p>\n<p><a class=\" UFICommentActorName\" href=\"https:\/\/www.facebook.com\/ramona.schmidt.7334?fref=ufi&amp;rc=p\" target=\"_blank\">Ramona Schmidt<\/a> <span class=\"UFICommentBody\">Soeben \u00fcber WhatsApp erhalten <i class=\"_3kkw\"><span class=\"accessible_elem\">?<\/span><\/i><br \/>\nNeue Info von Adrian. Mu\u00dfte 4 mal reanimiert werden ist nicht bei Bewu\u00dftsein. Ihm geht es schlecht. Information von seiner Frau \u00fcber den gro\u00dfen Sohn.<\/span><\/p>\n<p>26.08.2016, 00.14 Uhr<\/p>\n<p>SYSTEM-Medien wie die kontrollierte TLZ versuchen die Leser zu verdummen und hinters Licht zu f\u00fchren mit dem \u201eReichsb\u00fcrger\u201c \u2013 Gequassel. Der Bund\/BRD wenden jeden Tag Gesetze aus der NS-\/Nazi-Zeit an und verunglimpfen diejenigen, die darauf hinweisen und dar\u00fcber aufkl\u00e4ren, dass es sich bei diesem Bund um eine Firmenkonstruktion und eine US-Vasallen Besatzerorganisation handelt mit diesem vollst\u00e4ndig hirnrissigen Begriff des sog. \u201eReichsb\u00fcrger\u201c, mit dem die aufwachende Menschheit \u2013 auch in Deutschland \u2013 nichts anfangen kann. Man kann nur den Kopf sch\u00fctteln \u00fcber so viel Dumm-Propaganda des Systems, hier die Ver\u00f6ffentlichung:<br \/>\n<a href=\"https:\/\/soundcloud.com\/lothar77\/whatsapp-audio-2016-08-25-at-102543\" target=\"_blank\"><img loading=\"lazy\" class=\"alignnone wp-image-3435 size-full\" src=\"http:\/\/www.joh-nrw.com\/blog\/wp-content\/uploads\/2016\/08\/Mitschnitt.jpg\" alt=\"Mitschnitt\" width=\"1237\" height=\"378\" srcset=\"https:\/\/joh-nrw.com\/blog\/wp-content\/uploads\/2016\/08\/Mitschnitt.jpg 1237w, https:\/\/joh-nrw.com\/blog\/wp-content\/uploads\/2016\/08\/Mitschnitt-300x92.jpg 300w, https:\/\/joh-nrw.com\/blog\/wp-content\/uploads\/2016\/08\/Mitschnitt-768x235.jpg 768w, https:\/\/joh-nrw.com\/blog\/wp-content\/uploads\/2016\/08\/Mitschnitt-1024x313.jpg 1024w, https:\/\/joh-nrw.com\/blog\/wp-content\/uploads\/2016\/08\/Mitschnitt-500x153.jpg 500w\" sizes=\"(max-width: 1237px) 100vw, 1237px\" \/><\/a><\/p>\n<div class=\"moz-forward-container\">\n<div>\n<div id=\"AOLMsgPart_1.2.1_5356a58b-71ea-443a-8b44-f5449dcf7f5f\">\n<div class=\"aolReplacedBody\">\n<div>\n<p><b>Gestern noch ein Video gegen das System. Heute wurde er in seinen Eigenen Haus von der \u201ePolizei\u201c Erschossen.<\/b>\n<\/div>\n<\/div>\n<\/div>\n<\/div>\n<\/div>\n<div class=\"moz-forward-container\">\n<p>In Form des Staat Ur versuchten Adrian und andere ihren Protest gegen das SYSTEM zum Ausdruck brachten. Adrian hat sich vermutlich in Notwehr selbst verteidigt auf seinem eigenen Grund und Boden und wurde durch SYSTEM-Mitarbeiter vermutlich erschossen.<\/p>\n<p>Wake News wollte ein Interview mit ihm durchf\u00fchren, damit er seine Sichtweise der Dinge einmal darstellen konnte, nun ist das nicht mehr m\u00f6glich!<\/p>\n<p>Sehr bedenklich, was da im Bund vor sich geht!<\/p>\n<p>Wir werden weiter dar\u00fcber berichten!<\/p>\n<\/div>\n<p><strong><a href=\"https:\/\/www.facebook.com\/arnold.jabrams\/posts\/10154401618944906?pnref=story\" target=\"_blank\"><img loading=\"lazy\" class=\"alignnone wp-image-435 size-full\" src=\"http:\/\/www.joh-nrw.com\/blog\/wp-content\/uploads\/2014\/01\/hpfixseparat_1p_menubutton1.gif\" alt=\"hpfixseparat_1p_menubutton1\" width=\"180\" height=\"50\" \/><\/a><br \/>\nQuelle Wakenews Radio<\/strong><\/p>\n<p>Der BRD-Angriff auf den <strong>Kleinstaat Ur<\/strong>, bzw. der vors\u00e4tzliche T\u00f6tungsversuch an Adrian <strong>Ursache<\/strong> wird nun zur Ursache unseres verst\u00e4rkten Freiheitskampfes und dem Ruf zur<br \/>\nEinhaltung von <strong>Gesetz<\/strong> und <strong>Recht<\/strong> durch Bedienstete\/Personal (vgl. Dienstausweis, Personalausweis) der \u00c4mter\/Beh\u00f6rden\/Dienststellen\/Gerichte\/Verwaltungen und deren kriminelle Erf\u00fcllungsgehilfen gegen\u00fcber deutschen Staatsangeh\u00f6rigen durch Abstammung und Geburt (vgl. RuStAG 1913) und lebenden und beseelten Menschen als Angeh\u00f6rige der indigenen Volksgruppe Germaniten.<\/p>\n<p>Die BRD-Erf\u00fcllungsgehilfen werden durch die Regierung des Staates Deutschland (vgl. Germany)\/Germanitien\/Preu\u00dfen und auch im Namen des <strong>K\u00f6nigs Stefan I.<\/strong> aufgefordert sich an <strong>Gesetz<\/strong> und <strong>Recht<\/strong> und an die <strong>Menschenrechte<\/strong> zu halten. Angeh\u00f6rige des Staates Ur sowie des Interim-Staates Germanitien als <strong>Rechtsnachfolger<\/strong> von u. a. auch dem <strong>Staat Preu\u00dfen<\/strong> und dessen diplomatische\/konsularische Vertretungen in der Bundesrepublik Deutschland, genie\u00dfen <strong>Immunit\u00e4t<\/strong> (vgl. W\u00fcD \/ W\u00fcK).<\/p>\n<p>Angeh\u00f6rige des Staates Ur und des Interim-Staates Germanitien, bzw. des indigenen Staatsvolkes Germaniten sind <strong>keine<\/strong> BRD-(OMF) Angeh\u00f6rige\/Personal sondern im Auftrag des Staates Deutschland\/Deutsches Reich\/Germanitien t\u00e4tig (vgl. \u00a7\u00a7 18-20 GVG\/analog) um die <strong>Anpassung<\/strong> der g\u00fcltigen <strong>deutschen Verfassung<\/strong> und einen <strong>Friedensvertrag<\/strong> f\u00fcr das deutsche Volk zu beantragen\/erreichen.<\/p>\n<p>Die Einforderung eines <strong>souver\u00e4nen<\/strong> deutschen <strong>Rechtsstaates<\/strong> und die Einhaltung von <strong>Gesetz<\/strong> und <strong>Recht<\/strong> und der <strong>Menschenrechte<\/strong> durch Bedienstete\/Personal (vgl. Dienstausweis\/Personalausweis) der Bundesrepublik Deutschland ist somit oberstes Ziel der lebenden und beseelten <strong>Menschen<\/strong> als Angeh\u00f6rige des Staates Ur und des Interim-Staates Germanitien.<\/p>\n<p><strong>Der Interim-Staat Germanitien wird somit ab sofort diplomatische Beziehungen mit dem Staat Ur aufnehmen\/pflegen.<\/strong><\/p>\n<p>Der Interim-Staat Germanitien fordert das deutsche Volk auf, die <strong>urs\u00e4chliche Gewalt<\/strong> gegen <strong>diplomatische Einrichtungen des Staates Deutschland<\/strong> in dem &#8222;Kriegsgefangenenlager&#8220; Bundesrepublik Deutschland zu <strong>\u00e4chten<\/strong> und sich mit uns gemeinsam auf den Weg in die <strong>Freiheit<\/strong> und eine bessere Zukunft zu begeben.<\/p>\n<p>Lassen Sie es bitte nicht weiter zu, dass lebende und beseelte <strong>Menschen<\/strong> f\u00fcr den Ruf zur Einhaltung von <strong>Gesetz<\/strong> und <strong>Recht<\/strong> und dem &#8222;Kampf&#8220; f\u00fcr die <strong>Freiheit<\/strong> des gesamten deutschen Volkes aus der Kriegsgefangenenschaft durch BRD-Erf\u00fcllungsgehilfen ihres Lebens beraubt werden.<\/p>\n<p>Die Angelegenheit <strong>Ursache<\/strong> wird nun zur Ursache im versch\u00e4rften &#8222;Kampf&#8220; gegen das <strong>Unrecht<\/strong> und die Unterdr\u00fcckung des <strong>deutschen Volkes<\/strong> im &#8222;Kriegsgefangenenlager&#8220; Bundesrepublik Deutschland.<\/p>\n<p><strong>Ursache<\/strong> wird nun zur <strong>Ursache<\/strong> nach Art. 20 (<strong>4<\/strong>) GG i. V. mit \u00a7 <strong>32<\/strong> StGB\/analog i. V. mit der <strong>HLKO<\/strong>, den <strong>Menschenrechten<\/strong>, dem <strong>V\u00f6lkerrecht<\/strong>, sowie <strong>W\u00fcD<\/strong> und <strong>W\u00fcK<\/strong>.<\/p>\n<p>Der Interim-Staat Germanitien ruft f\u00fcr das <strong>deutsche Volk<\/strong> und alle Angeh\u00f6rigen der indigenen Volksgruppe Germaniten den <strong>Notstand<\/strong> in der Bundesrepublik Deutschland aus.<br \/>\nKein Deutscher ist mehr <strong>sicher<\/strong> in der Bundesrepublik Deutschland vor <strong>Gewalt<\/strong> und <strong>\u00dcbergriffen<\/strong> der vermeintlichen &#8222;Bereicherer&#8220; und der BRD-<strong>Erf\u00fcllungsgehilfen<\/strong>.<\/p>\n<p>Menschen Wir schaffen das&#8230; aber eben nur durch unmittelbaren Zusammenhalt !!!<\/p>\n<p>Mit der Angelegenheit <strong>Ursache<\/strong> hat das Unrechtssystem Bundesrepublik Deutschland einmal <strong>mehr<\/strong> aufgezeigt was passiert, wenn der Ruf zur Einhaltung von Recht und Gesetz durch deutsche Staatsangeh\u00f6rige <strong>zu laut<\/strong> gerufen wird. Das schlafende Personal der Bundesrepublik darf\/soll\u00a0 ja <strong>nicht<\/strong> aufgeweckt werden&#8230; dann schie\u00dfen die kriminellen BRD-Erf\u00fcllungsgehilfen lieber auf die <strong>st\u00f6rende<\/strong> Ursache.<\/p>\n<p>Nutzt aber nichts mehr&#8230; denn das deutsche Volk ist gr\u00f6\u00dftenteils bereits wach&#8230; und hat die <strong>unz\u00e4hligen L\u00fcgen<\/strong> und Straftaten zum Nachteil des deutschen Volkes zur Kenntnis<br \/>\ngenommen&#8230; und <strong>t\u00e4glich<\/strong> werden es mehr&#8230;<\/p>\n<p><strong>Ursache<\/strong> ist und war auch in fr\u00fcher Zeit schon immer die <strong>Gewalt<\/strong> zum Nachteil des gesamten deutschen Volkes mit dem Unterschied das heute willk\u00fcrlich auf deutsche Staatsangeh\u00f6rige <strong>geschossen<\/strong> wird, nur weil die auf die Einhaltung von Gesetz und Recht bestehen (vgl. Gerichtsverhandlung am <strong>30.09.2015<\/strong> im Amtsgericht Bad Oeynhausen und der <strong>T\u00f6tungsversuch<\/strong> mittels <strong>Kampfhund<\/strong> im <strong>September 2012<\/strong> zum Nachteil des lebenden und beseelten Menschen <strong>axel<\/strong>, Mann aus der Familie <strong>thiesmeier<\/strong>).<\/p>\n<p><strong>Wissenswertes \u00fcber die kriminelle BRD-Justiz!<\/strong><br \/>\n<a href=\"http:\/\/www.joh-nrw.com\/wissenswertes-ueber-die-kriminelle-brd-justiz\" target=\"_blank\"><img loading=\"lazy\" class=\"alignnone size-full wp-image-435\" src=\"http:\/\/www.joh-nrw.com\/blog\/wp-content\/uploads\/2014\/01\/hpfixseparat_1p_menubutton1.gif\" alt=\"hpfixseparat_1p_menubutton1\" width=\"180\" height=\"50\" \/><\/a><\/p>\n<p><strong>BRD-Polizeigewalt gegen Deutsche!<\/strong><br \/>\n<a href=\"http:\/\/www.joh-nrw.com\/polizeigewalt\" target=\"_blank\"><img loading=\"lazy\" class=\"alignnone size-full wp-image-435\" src=\"http:\/\/www.joh-nrw.com\/blog\/wp-content\/uploads\/2014\/01\/hpfixseparat_1p_menubutton1.gif\" alt=\"hpfixseparat_1p_menubutton1\" width=\"180\" height=\"50\" \/><\/a><\/p>\n<p>Und jetzt ist Ursache, diese Gewalt mit allen Mitteln (gewaltfrei nat\u00fcrlich) zu beenden.<\/p>\n<p><strong>Geh Denken!<\/strong><\/p>\n<p><a href=\"http:\/\/schaebel.de\/was-mich-aergert\/versklavung\/update-11-finale-24-08-2016-faschisten-der-brd-gegen-adrian-ur\/005940\/\" target=\"_blank\"><img loading=\"lazy\" class=\"alignnone size-full wp-image-435\" src=\"http:\/\/www.joh-nrw.com\/blog\/wp-content\/uploads\/2014\/01\/hpfixseparat_1p_menubutton1.gif\" alt=\"hpfixseparat_1p_menubutton1\" width=\"180\" height=\"50\" \/><\/a><\/p>\n<p>PS.: Die <strong>WAG<\/strong>-Neue Gemeinschaft von lebenden und beseelten Menschen in Deutschland als <strong>eigenst\u00e4ndiger Teil<\/strong> der indigenen Volksgruppe Germaniten sucht Menschen die ihrer <strong>Widerstandspflicht<\/strong> gegen\u00fcber dem <strong>deutschen Volk<\/strong> durch das Versenden von<strong> Faxen<\/strong> (weltweit) nachkommen m\u00f6chten.<\/p>\n<p><strong>Bitte Kontakt aufnehmen mit dem Kirchenamt L\u00f6hne.<\/strong><br \/>\n<strong>Tel.: 05731 \/ 49 89 180\u00a0 Di &amp; Fr. von 11.00 &#8211; 14.00 Uhr\u00a0\u00a0 <\/strong><br \/>\n<strong>oder\u00a0\u00a0 0176 \/ 758 750 38\u00a0\u00a0 t\u00e4gl. 11.00 &#8211; 18.00 Uhr<\/strong><\/p>\n<p>&nbsp;<\/p>\n<p><strong>Staat Ur &#8211; Selim S\u00fcrmeli &#8211; Amt der Menschen unterst\u00fctzt Ur &#8211; Interview<\/strong><br \/>\n<a href=\"https:\/\/www.youtube.com\/watch?feature=player_embedded&amp;v=jY81WrtaMz4\" target=\"_blank\"><img loading=\"lazy\" class=\"alignnone size-full wp-image-435\" src=\"http:\/\/www.joh-nrw.com\/blog\/wp-content\/uploads\/2014\/01\/hpfixseparat_1p_menubutton1.gif\" alt=\"hpfixseparat_1p_menubutton1\" width=\"180\" height=\"50\" \/><\/a><\/p>\n<p><strong>Staatsanwaltschaft ermittelt wegen versuchten Totschlags<\/strong><br \/>\n<a href=\"http:\/\/www.mdr.de\/sachsen-anhalt\/halle\/staatsanwaltschaft-ermittelt-nach-sek-einsatz-100.html\" target=\"_blank\"><img loading=\"lazy\" class=\"alignnone size-full wp-image-435\" src=\"http:\/\/www.joh-nrw.com\/blog\/wp-content\/uploads\/2014\/01\/hpfixseparat_1p_menubutton1.gif\" alt=\"hpfixseparat_1p_menubutton1\" width=\"180\" height=\"50\" \/><\/a><br \/>\n<strong>Hinweis:<\/strong><br \/>\nF\u00fcr den Fall, dass die bundesrepublikanische Rechtspflege nach diesem T\u00f6tungsversuch an einem lebenden und beseelten <strong>Menschen<\/strong> nun auch noch aus dem <strong>Opfer<\/strong> einen <strong>T\u00e4ter<\/strong> machen will, f\u00fcr diesen Fall bietet die gerichtsbest\u00e4tigte <strong>Menschenrechtsorganisation<\/strong> WAG-Justiz-Opfer-Hilfe NRW\/Deutschland dem <strong>Menschen<\/strong> Adrian <strong>Mann<\/strong> aus der Familie <strong>Ursache<\/strong> hiermit notwendige juristische <strong>Hilfe<\/strong> an. Die <strong>Straftaten<\/strong> dieser <strong>BRD-Kriminellen<\/strong> geh\u00f6ren in die <strong>\u00d6ffentlichkeit<\/strong> getragen und somit d\u00fcrfte uns eine solche Anklage mehr als nur gelegen kommen. Das <strong>BRD-System<\/strong> hat verloren, denn sowohl ihre <strong>L\u00fcgen<\/strong> als auch ihre kriminelles <strong>Handeln<\/strong> sind nun aufgedeckt\/bekannt und somit sind und bleiben auch ihre Drohungen\/Erpressungen\/Folter\/N\u00f6tigungen <strong>ohne<\/strong> Wirkung. Da hilft auch <strong>keine<\/strong> Gewalt mehr, denn das <strong>deutsche Volk<\/strong> ist sp\u00e4testens durch diese Ursache aufgewacht.<\/p>\n<p><strong>Reichsb\u00fcrgerl\u00fcge aller Medien und Pressevertreter in Reuden \u00fcber den Staat UR<\/strong><br \/>\n<a href=\"https:\/\/www.youtube.com\/watch?v=ms5lc09htR8\" target=\"_blank\"><img loading=\"lazy\" class=\"alignnone size-full wp-image-435\" src=\"http:\/\/www.joh-nrw.com\/blog\/wp-content\/uploads\/2014\/01\/hpfixseparat_1p_menubutton1.gif\" alt=\"hpfixseparat_1p_menubutton1\" width=\"180\" height=\"50\" \/><\/a><\/p>\n<p><strong>Der Widerstand der Bev\u00f6lkerung w\u00e4chst und das ist nach Ursache sogar Pflicht!<\/strong><br \/>\n<a href=\"https:\/\/www.youtube.com\/watch?v=-djyuNoAuS8&amp;feature=youtu.be\" target=\"_blank\"><img loading=\"lazy\" class=\"alignnone size-full wp-image-435\" src=\"http:\/\/www.joh-nrw.com\/blog\/wp-content\/uploads\/2014\/01\/hpfixseparat_1p_menubutton1.gif\" alt=\"hpfixseparat_1p_menubutton1\" width=\"180\" height=\"50\" \/><\/a><\/p>\n<p>&nbsp;<\/p>\n<p><strong>Fortsetzung folgt !<\/strong><\/p>\n","protected":false},"excerpt":{"rendered":"<p>Adrian Ursache, Gr\u00fcnder der Staates Ur, ist von der Polizei angeschossen worden. Unglaublich: 200 Vermummte des SEK versuchten die R\u00e4umung von Adrians Grundst\u00fcck mit Gewalkt durchzusetzen, dabei wurde der 42 j\u00e4hrigen Adrian angeschossen und wurde schwer verletzt. Es ging um 4.000 EUR Bankrestschulden. Mann muss sich das mal vorstellen 200 Vermummte des SEK r\u00fccken an gegen einen Menschen um eine Zwangsversteigung durch zuf\u00fchren ! Hier Videoberichte einen Tag vor der St\u00fcrmung der 200 Vermummten des SEK! Zwangsvollstreckung 24 08 2016 fand nicht statt ! Zwangsvollstreckung 24 08 2016 fand nicht statt ! (Interview mit dem TV Sender MDR) Alle Beitr\u00e4ge -Youtubekanal Ich bin SEK st\u00fcrmt Staat \u201eUR\u201c \u2013 Ein Menschenleben f\u00fcr 4000 Euro \/\/KS Spezial Aus dieser Nummer kommt die NGO-BRD nicht mehr raus\u2026 Sie wird in sich zusammenst\u00fcrzen, die L\u00fcge bricht auseinander. WER GAB DIE ANWEISUNG ZU DIESEM \u00dcBERZOGENEN 200 MANN EINSATZ? DAS MINISTERIUM SACHSEN H\u00d6CHSTWAHRSCHEINLICH, ES MUSSTE EIN BRUTALES ZEICHEN GESETZT WERDEN\u2026 26.08.2016, 00.58 Uhr Ramona Schmidt Thomas Friedrich Eben reingekommen. Adrian ist stabil vor 17 Minuten 26.08.2016, 00.36 Uhr Ramona Schmidt Soeben \u00fcber WhatsApp erhalten ? Neue Info von Adrian. Mu\u00dfte 4 mal reanimiert werden ist nicht bei Bewu\u00dftsein. Ihm geht es schlecht. Information von seiner Frau [&hellip;]<\/p>\n","protected":false},"author":1,"featured_media":0,"comment_status":"closed","ping_status":"closed","sticky":false,"template":"","format":"standard","meta":{"_links_to":"","_links_to_target":""},"categories":[1],"tags":[],"_links":{"self":[{"href":"https:\/\/joh-nrw.com\/blog\/wp-json\/wp\/v2\/posts\/3418"}],"collection":[{"href":"https:\/\/joh-nrw.com\/blog\/wp-json\/wp\/v2\/posts"}],"about":[{"href":"https:\/\/joh-nrw.com\/blog\/wp-json\/wp\/v2\/types\/post"}],"author":[{"embeddable":true,"href":"https:\/\/joh-nrw.com\/blog\/wp-json\/wp\/v2\/users\/1"}],"replies":[{"embeddable":true,"href":"https:\/\/joh-nrw.com\/blog\/wp-json\/wp\/v2\/comments?post=3418"}],"version-history":[{"count":13,"href":"https:\/\/joh-nrw.com\/blog\/wp-json\/wp\/v2\/posts\/3418\/revisions"}],"predecessor-version":[{"id":3807,"href":"https:\/\/joh-nrw.com\/blog\/wp-json\/wp\/v2\/posts\/3418\/revisions\/3807"}],"wp:attachment":[{"href":"https:\/\/joh-nrw.com\/blog\/wp-json\/wp\/v2\/media?parent=3418"}],"wp:term":[{"taxonomy":"category","embeddable":true,"href":"https:\/\/joh-nrw.com\/blog\/wp-json\/wp\/v2\/categories?post=3418"},{"taxonomy":"post_tag","embeddable":true,"href":"https:\/\/joh-nrw.com\/blog\/wp-json\/wp\/v2\/tags?post=3418"}],"curies":[{"name":"wp","href":"https:\/\/api.w.org\/{rel}","templated":true}]}}